{"provider_url": "https://www.mococa.sp.leg.br", "title": "Perguntas Frequentes", "html": "<p><img src=\"https://www.mococa.sp.leg.br/imagens/faq-logo.png/image_thumb\" alt=\"FAQ\" class=\"image-right\" title=\"Faq Logo\" /></p>\r\n<h2 style=\"text-align: justify; \">Perguntas</h2>\r\n<ol style=\"text-align: justify; \">\r\n<li><span class=\"link-https\"><a class=\"anchor-link\" href=\"https://domingosmartins.es.leg.br/perguntas-frequentes#p1\" target=\"_self\" title=\"\">O que \u00e9 bancada?</a></span></li>\r\n<li><span class=\"link-https\"><a class=\"anchor-link\" href=\"https://domingosmartins.es.leg.br/perguntas-frequentes#p2\" target=\"_self\" title=\"\">O que \u00e9 comiss\u00e3o?</a></span></li>\r\n<li><span class=\"link-https\"><a class=\"anchor-link\" href=\"https://domingosmartins.es.leg.br/perguntas-frequentes#p3\" target=\"_self\" title=\"\">O que \u00e9 comiss\u00e3o especial?</a></span></li>\r\n<li><span class=\"link-https\"><a class=\"anchor-link\" href=\"https://domingosmartins.es.leg.br/perguntas-frequentes#p4\" target=\"_self\" title=\"\">O que \u00e9 comiss\u00e3o parlamentar de inqu\u00e9rito?</a></span></li>\r\n<li><span class=\"link-https\"><a class=\"anchor-link\" href=\"https://domingosmartins.es.leg.br/perguntas-frequentes#p5\" target=\"_self\" title=\"\">O que \u00e9 comiss\u00e3o permanente?</a></span></li>\r\n<li><span class=\"link-https\"><a class=\"anchor-link\" href=\"https://domingosmartins.es.leg.br/perguntas-frequentes#p6\" target=\"_self\" title=\"\">O que \u00e9 comiss\u00e3o tempor\u00e1ria?</a></span></li>\r\n<li><span class=\"link-https\"><a class=\"anchor-link\" href=\"https://domingosmartins.es.leg.br/perguntas-frequentes#p7\" target=\"_self\" title=\"\">O que \u00e9 l\u00edder?</a></span></li>\r\n<li><span class=\"link-https\"><a class=\"anchor-link\" href=\"https://domingosmartins.es.leg.br/perguntas-frequentes#p8\" target=\"_self\" title=\"\">O que \u00e9 l\u00edder do governo?</a></span></li>\r\n<li><span class=\"link-https\"><a class=\"anchor-link\" href=\"https://domingosmartins.es.leg.br/perguntas-frequentes#p9\" target=\"_self\" title=\"\">O que \u00e9 Mesa Diretora?</a></span></li>\r\n<li><span class=\"link-https\"><a class=\"anchor-link\" href=\"https://domingosmartins.es.leg.br/perguntas-frequentes#p10\" target=\"_self\" title=\"\">O que \u00e9 norma jur\u00eddica?</a></span></li>\r\n<li><span class=\"link-https\"><a class=\"anchor-link\" href=\"https://domingosmartins.es.leg.br/perguntas-frequentes#p11\" target=\"_self\" title=\"\">O que \u00e9 Ordem do Dia?</a></span></li>\r\n<li><span class=\"link-https\"><a class=\"anchor-link\" href=\"https://domingosmartins.es.leg.br/perguntas-frequentes#p12\" target=\"_self\" title=\"\">O que \u00e9 parecer?</a></span></li>\r\n<li><span class=\"link-https\"><a class=\"anchor-link\" href=\"https://domingosmartins.es.leg.br/perguntas-frequentes#p13\" target=\"_self\" title=\"\">O que \u00e9 pauta da Ordem do Dia?</a></span></li>\r\n<li><span class=\"link-https\"><a class=\"anchor-link\" href=\"https://domingosmartins.es.leg.br/perguntas-frequentes#p14\" target=\"_self\" title=\"\">O que \u00e9 processo legislativo?</a></span></li>\r\n<li><span class=\"link-https\"><a class=\"anchor-link\" href=\"https://domingosmartins.es.leg.br/perguntas-frequentes#p15\" target=\"_self\" title=\"\">O que \u00e9\u00a0<em>quorum</em>?</a></span></li>\r\n<li><span class=\"link-https\"><a class=\"anchor-link\" href=\"https://domingosmartins.es.leg.br/perguntas-frequentes#p16\" target=\"_self\" title=\"\">O que \u00e9 recesso parlamentar?</a></span></li>\r\n<li><span class=\"link-https\"><a class=\"anchor-link\" href=\"https://domingosmartins.es.leg.br/perguntas-frequentes#p17\" target=\"_self\" title=\"\">O que \u00e9 Regimento Interno?</a></span></li>\r\n<li><span class=\"link-https\"><a class=\"anchor-link\" href=\"https://domingosmartins.es.leg.br/perguntas-frequentes#p18\" target=\"_self\" title=\"\">O que \u00e9 sess\u00e3o legislativa?</a></span></li>\r\n<li><span class=\"link-https\"><a class=\"anchor-link\" href=\"https://domingosmartins.es.leg.br/perguntas-frequentes#p19\" target=\"_self\" title=\"\">O que \u00e9 sess\u00e3o ordin\u00e1ria?</a></span></li>\r\n<li><span class=\"link-https\"><a class=\"anchor-link\" href=\"https://domingosmartins.es.leg.br/perguntas-frequentes#p20\" target=\"_self\" title=\"\">O que \u00e9 sess\u00e3o solene?</a></span></li>\r\n<li><span class=\"link-https\"><a class=\"anchor-link\" href=\"https://domingosmartins.es.leg.br/perguntas-frequentes#p21\" target=\"_self\" title=\"\">O que \u00e9 sess\u00e3o extraordin\u00e1ria?</a></span></li>\r\n<li><span class=\"link-https\"><a class=\"anchor-link\" href=\"#p22\" target=\"_self\" title=\"\">O que \u00e9 tramita\u00e7\u00e3o?</a></span></li>\r\n<li><span class=\"link-https\"><a class=\"anchor-link\" href=\"https://domingosmartins.es.leg.br/perguntas-frequentes#p25\" target=\"_self\" title=\"\">O que \u00e9 urg\u00eancia?</a></span></li>\r\n<li>\r\n<p><span class=\"link-https\"><a href=\"https://domingosmartins.es.leg.br/perguntas-frequentes#p26\">O que \u00e9 o Portal da Transpar\u00eancia?</a></span></p>\r\n</li>\r\n<li>\r\n<p><a href=\"https://domingosmartins.es.leg.br/perguntas-frequentes#p27\">Quem deve divulgar os dados nas p\u00e1ginas de transpar\u00eancia?</a></p>\r\n</li>\r\n<li>\r\n<p><span class=\"link-https\"><a href=\"https://domingosmartins.es.leg.br/perguntas-frequentes#p28\">Por que o Portal de Transpar\u00eancia foi criado?</a></span></p>\r\n</li>\r\n<li>\r\n<p><span class=\"link-https\"><a href=\"https://domingosmartins.es.leg.br/perguntas-frequentes#p29\">O que o cidad\u00e3o pode consultar nesse Portal da Transpar\u00eancia?</a></span></p>\r\n</li>\r\n<li>\r\n<p><span class=\"link-https\"><a href=\"https://domingosmartins.es.leg.br/perguntas-frequentes#p30\">Quando as informa\u00e7\u00f5es s\u00e3o atualizadas no Portal da Transpar\u00eancia?</a></span></p>\r\n</li>\r\n<li>\r\n<p><span class=\"link-https\"><a href=\"https://domingosmartins.es.leg.br/perguntas-frequentes#p31\">Quem pode consultar os dados disponibilizados no Portal da Transpar\u00eancia?</a></span></p>\r\n</li>\r\n<li>\r\n<p><span class=\"link-https\"><a href=\"https://domingosmartins.es.leg.br/perguntas-frequentes#p32\">Como entender os termos, express\u00f5es e siglas utilizadas no Portal da Transpar\u00eancia?</a></span></p>\r\n</li>\r\n<li>\r\n<p><span class=\"link-https\"><a class=\"anchor-link\" href=\"https://domingosmartins.es.leg.br/perguntas-frequentes#p33\" target=\"_self\">A C\u00e2mara Municipal de Mococa regulamentou a Lei de Acesso \u00e0 Informa\u00e7\u00e3o?</a></span></p>\r\n</li>\r\n<li>\r\n<p><span class=\"link-https\"><a class=\"anchor-link\" href=\"https://domingosmartins.es.leg.br/perguntas-frequentes#p34\" target=\"_self\">Que setor ser\u00e1 respons\u00e1vel por fornecer essas informa\u00e7\u00f5es?</a></span></p>\r\n</li>\r\n<li>\r\n<p><span class=\"link-https\"><a class=\"anchor-link\" href=\"https://domingosmartins.es.leg.br/perguntas-frequentes#p35\" target=\"_self\">Quem pode solicitar as informa\u00e7\u00f5es?</a></span></p>\r\n</li>\r\n<li>\r\n<p><span class=\"link-https\"><a class=\"anchor-link\" href=\"https://domingosmartins.es.leg.br/perguntas-frequentes#p36\" target=\"_self\">Como posso fazer um pedido de acesso \u00e0 informa\u00e7\u00e3o?</a></span></p>\r\n</li>\r\n<li>\r\n<p><span class=\"link-https\"><a class=\"anchor-link\" href=\"https://domingosmartins.es.leg.br/perguntas-frequentes#p37\" target=\"_self\">Qual \u00e9 o prazo de resposta \u00e0s solicita\u00e7\u00f5es?</a></span></p>\r\n</li>\r\n<li>\r\n<p><span class=\"link-https\"><a class=\"anchor-link\" href=\"https://domingosmartins.es.leg.br/perguntas-frequentes#p38\" target=\"_self\">O cidad\u00e3o pode apresentar recurso caso a informa\u00e7\u00e3o n\u00e3o seja fornecida?</a></span></p>\r\n</li>\r\n<li>\r\n<p><span class=\"link-https\"><a class=\"anchor-link\" href=\"https://domingosmartins.es.leg.br/perguntas-frequentes#p39\" target=\"_self\">Quais informa\u00e7\u00f5es podem ser negadas?</a></span></p>\r\n</li>\r\n</ol>\r\n<p style=\"text-align: justify; \">\u00a0</p>\r\n<h2 style=\"text-align: justify; \">Respostas</h2>\r\n<h3 style=\"text-align: justify; \"><strong>1 - O que \u00e9 bancada?</strong><a name=\"p1\"></a></h3>\r\n<p class=\" \" style=\"text-align: justify; \">Bancada \u00e9 o grupo de Vereadores de um partido pol\u00edtico.</p>\r\n<h3 style=\"text-align: justify; \"><strong>2 - O que \u00e9 comiss\u00e3o?</strong><a name=\"p2\"></a></h3>\r\n<p style=\"text-align: justify; \">Comiss\u00e3o \u00e9 um \u00f3rg\u00e3o t\u00e9cnico, composto de Vereadores, destinado a proceder a estudos, emitir pareceres especializados para orienta\u00e7\u00e3o do Plen\u00e1rio, realizar investiga\u00e7\u00f5es e representar o Legislativo.</p>\r\n<h3 style=\"text-align: justify; \"><strong>3 - O que \u00e9 comiss\u00e3o especial?</strong><a name=\"p3\"></a></h3>\r\n<p style=\"text-align: justify; \">Comiss\u00e3o especial \u00e9 uma comiss\u00e3o tempor\u00e1ria que tem por fun\u00e7\u00e3o realizar atividade excepcional e que n\u00e3o seja da compet\u00eancia de uma comiss\u00e3o permanente.</p>\r\n<h3 style=\"text-align: justify; \"><strong>4 - O que \u00e9 comiss\u00e3o parlamentar de inqu\u00e9rito?</strong><a name=\"p4\"></a></h3>\r\n<p style=\"text-align: justify; \">Comiss\u00e3o parlamentar de inqu\u00e9rito \u00e9 uma comiss\u00e3o tempor\u00e1ria que tem por fun\u00e7\u00e3o realizar inqu\u00e9ritos, de acordo com a Lei Org\u00e2nica municipal.</p>\r\n<h3 style=\"text-align: justify; \"><strong>5 - O que \u00e9 comiss\u00e3o permanente?</strong><a name=\"p5\"></a></h3>\r\n<p style=\"text-align: justify; \">Comiss\u00e3o permanente \u00e9 aquela que atua permanentemente e de acordo com as atribui\u00e7\u00f5es definidas no Regimento Interno.</p>\r\n<h3 style=\"text-align: justify; \"><strong>6 - O que \u00e9 comiss\u00e3o tempor\u00e1ria?</strong><a name=\"p6\"></a></h3>\r\n<p style=\"text-align: justify; \">Comiss\u00e3o tempor\u00e1ria \u00e9 aquela destinada a tratar de assuntos excepcionais que n\u00e3o sejam da compet\u00eancia de comiss\u00e3o permanente.</p>\r\n<h3 style=\"text-align: justify; \"><strong>7 - O que \u00e9 l\u00edder?</strong><a name=\"p7\"></a></h3>\r\n<p style=\"text-align: justify; \">L\u00edder \u00e9 o Vereador escolhido por uma bancada ou bloco com assento na C\u00e2mara para represent\u00e1-la quando for o caso e indicar membros dela para compor comiss\u00f5es.</p>\r\n<h3 style=\"text-align: justify; \"><strong>8 - O que \u00e9 l\u00edder do governo?</strong><a name=\"p8\"></a></h3>\r\n<p style=\"text-align: justify; \">L\u00edder do governo \u00e9 o porta-voz do Prefeito na C\u00e2mara Municipal.</p>\r\n<h3 style=\"text-align: justify; \"><strong>9 - O que \u00e9 Mesa Diretora?</strong><a name=\"p9\"></a></h3>\r\n<p style=\"text-align: justify; \">Mesa Diretora \u00e9 uma comiss\u00e3o de Vereadores que tem por atribui\u00e7\u00e3o a dire\u00e7\u00e3o administrativa da C\u00e2mara Municipal.</p>\r\n<h3 style=\"text-align: justify; \"><strong>10 - O que \u00e9 norma jur\u00eddica?</strong><a name=\"p10\"></a></h3>\r\n<p style=\"text-align: justify; \">Norma jur\u00eddica \u00e9 um preceito obrigat\u00f3rio imposto ou reconhecido como tal pelo Estado e que objetiva a vontade social manifestada imperativamente a todos pelo Estado.</p>\r\n<h3 style=\"text-align: justify; \"><strong>11 - O que \u00e9 Ordem do Dia?</strong><a name=\"p11\"></a></h3>\r\n<p style=\"text-align: justify; \">Ordem do Dia \u00e9 a parte da sess\u00e3o \u00e1ria destinada a discuss\u00e3o e vota\u00e7\u00e3o de proposi\u00e7\u00f5es.</p>\r\n<h3 style=\"text-align: justify; \"><strong>12 - O que \u00e9 parecer?</strong><a name=\"p12\"></a></h3>\r\n<p style=\"text-align: justify; \">Parecer \u00e9 um documento pelo qual uma Comiss\u00e3o relata, examina e opina conclusivamente sobre uma mat\u00e9ria.</p>\r\n<h3 style=\"text-align: justify; \"><strong>13 - O que \u00e9 pauta da Ordem do Dia?<a name=\"p13\"></a></strong></h3>\r\n<p style=\"text-align: justify; \">Pauta da Ordem do Dia \u00e9 o documento pr\u00e9vio que discrimina as mat\u00e9rias a serem apreciadas nessa parte da sess\u00e3o.</p>\r\n<h3 style=\"text-align: justify; \"><strong>14 - O que \u00e9 processo legislativo?<a name=\"p14\"></a></strong></h3>\r\n<p style=\"text-align: justify; \">Processo legislativo \u00e9 a sucess\u00e3o de atos realizados para produ\u00e7\u00e3o de normas jur\u00eddicas.</p>\r\n<h3 style=\"text-align: justify; \"><strong>15 - O que \u00e9 qu\u00f3rum?<a name=\"p15\"></a></strong></h3>\r\n<p style=\"text-align: justify; \">Quorum \u00e9 o n\u00famero m\u00ednimo de Vereadores presentes necess\u00e1rio para a realiza\u00e7\u00e3o de sess\u00e3o ou reuni\u00e3o de comiss\u00e3o, ou para realiza\u00e7\u00e3o de vota\u00e7\u00e3o.</p>\r\n<h3 style=\"text-align: justify; \"><strong>16 - O que \u00e9 recesso parlamentar?<a name=\"p16\"></a></strong></h3>\r\n<p style=\"text-align: justify; \">Recesso parlamentar \u00e9 a interrup\u00e7\u00e3o tempor\u00e1ria dos trabalhos legislativos, realizada no per\u00edodo definido no Regimento Interno.</p>\r\n<h3 style=\"text-align: justify; \"><strong>17 - O que \u00e9 Regimento Interno?<a name=\"p17\"></a></strong></h3>\r\n<p style=\"text-align: justify; \">Regimento Interno \u00e9 a norma jur\u00eddica que regula o funcionamento da C\u00e2mara Municipal.</p>\r\n<h3 style=\"text-align: justify; \"><strong>18 - O que \u00e9 sess\u00e3o legislativa?<a name=\"p18\"></a></strong></h3>\r\n<p style=\"text-align: justify; \">Sess\u00e3o legislativa \u00e9 o per\u00edodo de trabalho legislativo definido no Regimento Interno, observado o recesso parlamentar.</p>\r\n<h3 style=\"text-align: justify; \"><strong>19 - O que \u00e9 sess\u00e3o ordin\u00e1ria?<a name=\"p19\"></a></strong></h3>\r\n<p style=\"text-align: justify; \">Sess\u00e3o plen\u00e1ria \u00e9 uma reuni\u00e3o dos Vereadores, realizada \u00e0s segundas-feiras, \u00e0s 20h00min.</p>\r\n<h3 style=\"text-align: justify; \"><strong>20 - O que \u00e9 sess\u00e3o solene?<a name=\"p20\"></a></strong></h3>\r\n<p style=\"text-align: justify; \">Sess\u00e3o solene \u00e9 aquela destinada exclusivamente \u00e0 realiza\u00e7\u00e3o de atividades espec\u00edficas, como instala\u00e7\u00e3o da legislatura com a posse de Vereadores, Prefeito e Vice-Prefeito, ou realiza\u00e7\u00e3o de outras comemora\u00e7\u00f5es e homenagens.</p>\r\n<h3 style=\"text-align: justify; \"><strong>21 - O que \u00e9 sess\u00e3o extraordin\u00e1ria?<a name=\"p21\"></a></strong></h3>\r\n<p style=\"text-align: justify; \">Sess\u00e3o plen\u00e1ria extraordin\u00e1ria \u00e9 aquela realizada em dia ou hora diferentes da sess\u00e3o plen\u00e1ria ordin\u00e1ria para tratar exclusivamente dos assuntos que motivaram a convoca\u00e7\u00e3o dos parlamentares.</p>\r\n<h3 style=\"text-align: justify; \"><a name=\"p22\"></a>22 - O que \u00e9 tramita\u00e7\u00e3o?</h3>\r\n<p style=\"text-align: justify; \">Tramita\u00e7\u00e3o \u00e9 o curso de uma proposi\u00e7\u00e3o legislativa de acordo com as normas constitucionais e as estabelecidas pelo Regimento Interno.</p>\r\n<h3 style=\"text-align: justify; \"><strong>23 - O que \u00e9 urg\u00eancia?<a name=\"p25\"></a></strong></h3>\r\n<p style=\"text-align: justify; \">Urg\u00eancia \u00e9 o regime de tramita\u00e7\u00e3o em que o Poder Legislativo tem o prazo de de 45 dias para apreciar uma proposi\u00e7\u00e3o legislativa.</p>\r\n<h3 style=\"text-align: justify; \"><strong>24 - O que \u00e9 o Portal da Transpar\u00eancia?<a name=\"p26\"></a></strong>strong&gt;</h3>\r\n<p style=\"text-align: justify; \">O Portal da Transpar\u00eancia \u00e9 um site que cont\u00e9m informa\u00e7\u00f5es acerca das a\u00e7\u00f5es governamentais, execu\u00e7\u00e3o or\u00e7ament\u00e1ria e financeira (receitas e despesas), movimento extraor\u00e7ament\u00e1rio, dentre outras informa\u00e7\u00f5es de interesse do cidad\u00e3o.</p>\r\n<h3 style=\"text-align: justify; \">25 - Quem deve divulgar os dados nas p\u00e1ginas de transpar\u00eancia?<a name=\"p27\"></a></h3>\r\n<p style=\"text-align: justify; \">Todos os \u00f3rg\u00e3o e entidades da administra\u00e7\u00e3o direta e indireta (autarquias, funda\u00e7\u00f5es, empresas p\u00fablicas e sociedades de economia mista) do poder executivo devem manter, em seus sites na internet, o Portal da Transpar\u00eancia, al\u00e9m do poder legislativo.</p>\r\n<h3 style=\"text-align: justify; \">26 - Por que o Portal de Transpar\u00eancia foi criado?<a name=\"p28\"></a></h3>\r\n<p style=\"text-align: justify; \">Para atender a demanda de informa\u00e7\u00f5es sobre gest\u00e3o p\u00fablica, bem como cumprir as determina\u00e7\u00f5es constitucionais, visando \u00e0 transpar\u00eancia das contas p\u00fablicas e atendendo \u00e0 Lei Complementar n\u00b0 131/2009, al\u00e9m de promover o acesso amplo e objetivo aos dados da aplica\u00e7\u00e3o dos recursos p\u00fablicos municipais. Atrav\u00e9s dele, os cidad\u00e3os podem acompanhar a gest\u00e3o das finan\u00e7as da administra\u00e7\u00e3o direta e indireta. Assim, \u00e9 poss\u00edvel acompanhar a destina\u00e7\u00e3o dos recursos arrecadados, provenientes em grande parte dos impostos pagos pelos contribuintes.</p>\r\n<h3 style=\"text-align: justify; \">27 - O que o cidad\u00e3o pode consultar nesse Portal da Transpar\u00eancia?<a name=\"p29\"></a></h3>\r\n<p style=\"text-align: justify; \">A consulta d\u00e1 cumprimento ao disposto na Lei Complementar n\u00ba 131/2009, que trata da divulga\u00e7\u00e3o, em tempo real, de informa\u00e7\u00f5es pormenorizadas sobre a execu\u00e7\u00e3o or\u00e7ament\u00e1ria e financeira dos \u00f3rg\u00e3os p\u00fablicos. Entretanto, s\u00e3o divulgados no Portal da Transpar\u00eancia, al\u00e9m das informa\u00e7\u00f5es cont\u00e1beis, os processos licitat\u00f3rios e os dispensados de licita\u00e7\u00e3o, os contratos p\u00fablicos e seus respectivos aditivos, bem como demais informa\u00e7\u00f5es de interesse p\u00fablico.</p>\r\n<h3 style=\"text-align: justify; \">28 - Quando as informa\u00e7\u00f5es s\u00e3o atualizadas no Portal da Transpar\u00eancia?<a name=\"p30\"></a></h3>\r\n<p style=\"text-align: justify; \">De acordo com a Lei Complementar n\u00ba 131/2009, as informa\u00e7\u00f5es devem ser atualizadas em tempo real. O Decreto n\u00ba 7.185/2010 regulamenta que tempo real se refere \u00e0 disponibiliza\u00e7\u00e3o das informa\u00e7\u00f5es, em meio eletr\u00f4nico que possibilite amplo acesso p\u00fablico, at\u00e9 o primeiro dia \u00fatil subsequente \u00e0 data do registro.</p>\r\n<h3 style=\"text-align: justify; \">29 - Quem pode consultar os dados disponibilizados no Portal da Transpar\u00eancia?<a name=\"p31\"></a></h3>\r\n<p style=\"text-align: justify; \">Qualquer pessoa pode consultar os dados disponibilizados no Portal da Transpar\u00eancia, sendo vetado pela Lei n\u00ba 12.527/2011 a exig\u00eancia de qualquer meio de identifica\u00e7\u00e3o ou autoriza\u00e7\u00e3o para o acesso \u00e0s consultas.</p>\r\n<h3 style=\"text-align: justify; \">30 - Como entender os termos, express\u00f5es e siglas utilizadas no Portal da Transpar\u00eancia?<a name=\"p32\"></a></h3>\r\n<p style=\"text-align: justify; \">Consulte o gloss\u00e1rio para saber mais sobre as express\u00f5es, siglas e termos t\u00e9cnicos utilizados no Portal da Transpar\u00eancia.</p>\r\n<h3 style=\"text-align: justify; \"><strong>31 - A C\u00e2mara Municipal de Mococa regulamentou a Lei de Acesso \u00e0 Informa\u00e7\u00e3o?<a name=\"p33\"></a></strong></h3>\r\n<p style=\"text-align: justify; \">Sim. Em 2014, por meio da Lei n\u00b0 4.417/2014, foi regulamentada a Lei n\u00ba 12.527, de 18 de novembro de 2011, a Lei de Acesso \u00e0 Informa\u00e7\u00e3o (LAI), no \u00e2mbito dos Poderes Executivo e Legislativo Municipais de Mococa.</p>\r\n<h3 style=\"text-align: justify; \"><strong>32 - Que setor ser\u00e1 respons\u00e1vel por fornecer essas informa\u00e7\u00f5es?<a name=\"p34\"></a></strong></h3>\r\n<p style=\"text-align: justify; \">O pedido de acesso \u00e0 informa\u00e7\u00e3o ser\u00e1 oficializado junto ao Protocolo da C\u00e2mara, cabendo \u00e0 Ouvidoria e Servi\u00e7o de Informa\u00e7\u00f5es ao Cidad\u00e3o deliberar sobre as provid\u00eancias necess\u00e1rias para o seu processamento.</p>\r\n<h3 style=\"text-align: justify; \"><strong>33 - Quem pode solicitar as informa\u00e7\u00f5es?<a name=\"p35\"></a></strong></h3>\r\n<p style=\"text-align: justify; \">Qualquer pessoa natural ou jur\u00eddica tem legitimidade para apresentar pedido de acesso \u00e0 informa\u00e7\u00e3o.</p>\r\n<h3 style=\"text-align: justify; \"><strong>34 - Como posso fazer um pedido de acesso \u00e0 informa\u00e7\u00e3o?<a name=\"p36\"></a></strong></h3>\r\n<p style=\"text-align: justify; \">O pedido ser\u00e1 apresentado em formul\u00e1rio padr\u00e3o, disponibilizado em meio eletr\u00f4nico, no portal da C\u00e2mara Municipal de Mococa na internet, ou f\u00edsico, em sua sede, localizada \u00e0 Pra\u00e7a Marechal Deodoro, n\u00ba 26, Centro, Mococa.</p>\r\n<h3 style=\"text-align: justify; \"><strong>35 - Qual \u00e9 o prazo de resposta \u00e0s solicita\u00e7\u00f5es?<a name=\"p37\"></a></strong></h3>\r\n<p style=\"text-align: justify; \">O prazo de resposta ser\u00e1 contado a partir da data do protocolo ou e-mail, devendo a C\u00e2mara disponibiliz\u00e1-la em prazo n\u00e3o superior a 20 dias, que poder\u00e1 ser prorrogado por mais 10 dias, mediante justificativa expressa, da qual ser\u00e1 cientificado o requerente (Art. 11, \u00a7 1\u00ba, Lei Federal n\u00ba 12.527/2011).</p>\r\n<h3 style=\"text-align: justify; \"><strong>36 - O cidad\u00e3o pode apresentar recurso caso a informa\u00e7\u00e3o n\u00e3o seja fornecida?<a name=\"p38\"></a></strong></h3>\r\n<p style=\"text-align: justify; \">No caso de negativa de acesso \u00e0 informa\u00e7\u00e3o ou de n\u00e3o fornecimento das raz\u00f5es da negativa de acesso, o requerente poder\u00e1 apresentar recurso ao Presidente da C\u00e2mara Municipal no prazo de 10 dias a contar da sua ci\u00eancia, que dever\u00e1 apreci\u00e1-lo no prazo de 10 (dez) dias, a contar da sua apresenta\u00e7\u00e3o (Art. 15, Lei Federal n\u00ba 12.527/2011).</p>\r\n<h3 style=\"text-align: justify; \"><strong>37 - Quais informa\u00e7\u00f5es podem ser negadas?<a name=\"p39\"></a></strong></h3>\r\n<p style=\"text-align: justify; \">N\u00e3o ser\u00e3o atendidos pedidos de acesso \u00e0 informa\u00e7\u00e3o gen\u00e9rica, desproporcionais ou desarrazoados, que exijam trabalhos de an\u00e1lise, interpreta\u00e7\u00e3o ou compila\u00e7\u00e3o e consolida\u00e7\u00e3o de dados, servi\u00e7o de produ\u00e7\u00e3o ou tratamento que n\u00e3o sejam de compet\u00eancia do Poder Legislativo Municipal. Al\u00e9m disso, \u00e9 vedado o pedido de acesso relativo a informa\u00e7\u00f5es pessoais que potencialmente possam prejudicar a intimidade, a vida privada, a honra e a imagem, bem como as liberdades e garantias individuais daqueles a quem elas se refiram.</p>", "author_name": "Interlegis", "version": "1.0", "author_url": "https://www.mococa.sp.leg.br/author/Interlegis", "provider_name": "C\u00e2mara Municipal de Mococa", "type": "rich"}