{"provider_url": "https://www.mococa.sp.leg.br", "title": "Audi\u00eancia P\u00fablica Direitos LGBTQIA+", "html": "<h2>AUDI\u00caNCIA P\u00daBLICA | DIREITOS LGBTQIA+, TEMOS?<br />\ud83d\uddd3 28/6/23 (quarta-feira)<br />\ud83d\udd5319h00.<br />\u2705 Participe presencialmente na C\u00e2mara Municipal de Mococa, ou on-line no canal do YouTube.<br />O Brasil \u00e9 o pa\u00eds que mais mata pessoas LGBTQIA+ no mundo. Por isso \u00e9 t\u00e3o urgente a mobiliza\u00e7\u00e3o para lutar por cidadania e por direitos. No dia mundial do orgulho LGBTQIA+ promoveremos um amplo debate sobre as a\u00e7\u00f5es e pol\u00edticas p\u00fablicas de combate \u00e0 discrimina\u00e7\u00e3o e garantia dos direitos humanos e acolhimento \u00e0 diversidade.<br />Participantes: Bruno Nzinga da Universidade Estadual de Campinas/ Dr. Donato Cesar Almeida Teixeira, Procurador Jur\u00eddico da C\u00e2mara Municipal de Mococa/ Thais da Silva Nogueira \u2013 vereadora em S\u00e3o Jos\u00e9 do Rio Pardo.</h2>\r\n<div class=\"acfifjfajpekbmhmjppnmmjgmhjkildl\" id=\"acfifjfajpekbmhmjppnmmjgmhjkildl\"></div>", "author_name": "janaina", "version": "1.0", "author_url": "https://www.mococa.sp.leg.br/author/janaina", "provider_name": "C\u00e2mara Municipal de Mococa", "type": "rich"}