{"provider_url": "https://www.mococa.sp.leg.br", "title": "1\u00aa Semana Municipal do Meio Ambiente", "html": "<p style=\"text-align: justify; \"><strong>Participe da Semana Municipal do Meio Ambiente, promovida em coopera\u00e7\u00e3o entre a Prefeitura Municipal de Mococa, por meio do Departamento Municipal de Agricultura e Meio Ambiente, e a C\u00e2mara Municipal de Mococa, no \u00e2mbito da Escola do Legislativo \"Dr. Tiago Ferraz de Siqueira\". </strong></p>\r\n<p style=\"text-align: justify; \">Na semana de 03 a 11 de junho de 2022, a Prefeitura Municipal e a C\u00e2mara Municipal, em conjunto com a sociedade civil e o terceiro setor, ir\u00e3o promover importantes a\u00e7\u00f5es em torno da Semana Municipal do Meio Ambiente (SEMMEA), conforme disp\u00f5e a Lei municipal n\u00ba. 4.888, de 18 de junho de 2021.</p>\r\n<p style=\"text-align: justify; \">O objetivo da SEMMEA \u00e9 promover a\u00e7\u00f5es de conscientiza\u00e7\u00e3o, sobretudo direcionadas aos alunos da Rede P\u00fablica de Educa\u00e7\u00e3o. Foram convidadas diversas escolas para participar de nossa Programa\u00e7\u00e3o, a fim de somar nesse movimento em prol da conserva\u00e7\u00e3o da natureza e seus indispens\u00e1veis recursos.</p>\r\n<p style=\"text-align: justify; \">A semana contar\u00e1 com Palestras de profissionais e especialistas na \u00c1rea Ambiental e inclui eventos \u00e0s margens do Rio Pardo e Rio Canoas, bem como visitas guiadas ao Parque Ecol\u00f3gico S\u00e3o Sebasti\u00e3o e doa\u00e7\u00e3o de mudas de \u00e1rvores nativas frut\u00edferas.</p>\r\n<p style=\"text-align: justify; \">Esperamos que a participa\u00e7\u00e3o ativa da sociedade mocoquense nesta semana interativa seja veto de conscientiza\u00e7\u00e3o de nossas crian\u00e7as, jovens e adultos acerca da import\u00e2ncia da Preserva\u00e7\u00e3o Ambiental.<b>\u00a0\u00a0</b></p>", "author_name": "", "version": "1.0", "author_url": "https://www.mococa.sp.leg.br/author/rosanegrini", "provider_name": "C\u00e2mara Municipal de Mococa", "type": "rich"}