{"provider_url": "https://www.mococa.sp.leg.br", "title": "Audi\u00eancia P\u00fablica da Comiss\u00e3o de Educa\u00e7\u00e3o", "html": "<p style=\"text-align: justify; \">A Comiss\u00e3o de Educa\u00e7\u00e3o da C\u00e2mara Municipal de Mococa realizar\u00e1 Audi\u00eancia P\u00fablica amanh\u00e3, ter\u00e7a, \u00e0s 19h00. Presidida pelo Vereador Professor Clayton Boch (REPUBLICANOS), a pauta da Audi\u00eancia ser\u00e1 o retorno \u00e0s aulas presenciais na rede de ensino municipal, a situa\u00e7\u00e3o dos pr\u00e9dios das escolas e poss\u00edveis reformas, a limpeza das \u00e1reas externas, a falta de profissionais da \u00e1rea da educa\u00e7\u00e3o, cursos de capacita\u00e7\u00e3o de professores da rede municipal, al\u00e9m de\u00a0outros assuntos afeitos ao tema.\u00a0</p>\r\n<p style=\"text-align: justify; \">A Audi\u00eancia ser\u00e1 transmitida ao vivo pelos canais oficiais da C\u00e2mara Municipal no youtube e facebook, al\u00e9m da presen\u00e7a com distanciamento social.</p>\r\n<p style=\"text-align: justify; \">Participe e contribua!</p>", "author_name": "", "version": "1.0", "author_url": "https://www.mococa.sp.leg.br/author/rosanegrini", "provider_name": "C\u00e2mara Municipal de Mococa", "type": "rich"}