{"provider_url": "https://www.mococa.sp.leg.br", "title": "Audi\u00eancia P\u00fablica sobre Autismo", "html": "<p class=\"Default\" style=\"text-align: justify; \">A Comiss\u00e3o de Sa\u00fade da C\u00e2mara Municipal de Mococa, em parceria com a Comiss\u00e3o de Educa\u00e7\u00e3o, <b>CONVIDA\u00a0</b>a todos para participarem da <b>AUDI\u00caNCIA P\u00daBLICA</b>, que se realizar\u00e1 no dia <b>14</b><b> de setembro de 2022, quarta-feira, \u00e0s 19h00</b>, no Plen\u00e1rio da C\u00e2mara Municipal de Mococa, para discuss\u00e3o sobre <b><span>os direitos dos autistas e a compreens\u00e3o pela sociedade</span></b>, e ser\u00e1 presidida pelo Vereador Paulo Miquelin.</p>\r\n<p class=\"Default\" style=\"text-align: justify; \"><b><span></span></b><span>A Audi\u00eancia P\u00fablica contar\u00e1 com a presen\u00e7a do Dr.\u00a0</span><span>Andr\u00e9 Carvalho Paroli, Medico Psiquiatra, Francielle Aparecida Vigato, Psic\u00f3loga Cl\u00ednica que atua no CAPS, e Lucimara Mesquita, professora com experi\u00eancia em educa\u00e7\u00e3o inclusiva - autismo.</span></p>\r\n<p><span style=\"text-align: justify; \">Haver\u00e1 transmiss\u00e3o ao vivo pelos canais oficiais da C\u00e2mara Municipal de Mococa no Facebook e Youtube.</span></p>\r\n<p align=\"center\" style=\"text-align: justify; \">\u00a0</p>\r\n<p align=\"center\">\u00a0</p>", "author_name": "", "version": "1.0", "author_url": "https://www.mococa.sp.leg.br/author/rosanegrini", "provider_name": "C\u00e2mara Municipal de Mococa", "type": "rich"}