{"provider_url": "https://www.mococa.sp.leg.br", "title": "Audi\u00eancia P\u00fablica sobre Ilumina\u00e7\u00e3o P\u00fablica", "html": "<p style=\"text-align: justify; \"><span>A Comiss\u00e3o de Obras e Servi\u00e7os P\u00fablicos da C\u00e2mara Municipal de Mococa, presidida pelo Vereador Paulo C\u00e9sar Rodrigues dos Santos (Do\u00e7\u00e3o), CONVIDA a todos para participar de AUDI\u00caNCIA P\u00daBLICA, que se realizar\u00e1 no dia 14 de mar\u00e7o de 2023, ter\u00e7a-feira, \u00e0s 19h00, no Plen\u00e1rio da C\u00e2mara Municipal de Mococa, Pra\u00e7a Marechal Deodoro, n\u00ba 26, para a discuss\u00e3o do tema:<strong> ILUMINA\u00c7\u00c3O P\u00daBLICA. </strong></span></p>\r\n<p style=\"text-align: justify; \"><span>Haver\u00e1 transmiss\u00e3o ao vivo pelo Facebook e youtube oficiais da C\u00e2mara Municipal de Mococa. Participe e contribua para o debate!</span></p>", "author_name": "", "version": "1.0", "author_url": "https://www.mococa.sp.leg.br/author/rosanegrini", "provider_name": "C\u00e2mara Municipal de Mococa", "type": "rich"}