{"provider_url": "https://www.mococa.sp.leg.br", "title": "C\u00e2mara entrega diplomas de Cidad\u00e3o mocoquense", "html": "<p style=\"text-align: justify; \"><span>A C\u00e2mara Municipal de Mococa realizou a entrega de Diplomas com o t\u00edtulo de Cidad\u00e3o Mocoquense na\u00a0\u00faltima segunda-feira, 20 de setembro de 2021. Os Vereadores conferiram os t\u00edtulos com base na </span><a class=\"external-link\" href=\"https://sapl.mococa.sp.leg.br/media/sapl/public/normajuridica/1995/4561/4561_texto_integral.pdf\" target=\"_blank\" title=\"resolu\u00e7\u00e3o 07/1995\">Resolu\u00e7\u00e3o n\u00ba 7, de 9 de maio de 1995</a><span>, e altera\u00e7\u00f5es posteriores. Segundo o texto vigente, a pessoa agraciada com o t\u00edtulo deve residir h\u00e1 pelo menos 5 anos na cidade e prestar relevantes servi\u00e7os \u00e0 comunidade, al\u00e9m de gozar de reputa\u00e7\u00e3o ilibada. Estiveram presentes o Prefeito Municipal Eduardo Ribeiro Barison e a Coordenadora de Cultura\u00a0</span><span>Emanuela Pio Guimar\u00e3es Mendes.</span></p>\r\n<p style=\"text-align: justify; \">A cerim\u00f4nia de entrega dos t\u00edtulos contou com a apresenta\u00e7\u00e3o musical de Alexandre Soares.</p>\r\n<p style=\"text-align: justify; \">Confira os Vereadores e respectivos nomes de seus homenageados:</p>\r\n<table class=\"MsoNormalTable\">\r\n<tbody>\r\n<tr>\r\n<td>\r\n<p class=\"MsoNormal\">\u00a0</p>\r\n</td>\r\n<td>\r\n<p class=\"MsoNormal\"><strong>Vereadores</strong></p>\r\n</td>\r\n<td colspan=\"2\">\r\n<p class=\"MsoNormal\"><strong>Homenageados</strong></p>\r\n</td>\r\n</tr>\r\n<tr>\r\n<td>\r\n<p class=\"MsoNormal\">1-</p>\r\n</td>\r\n<td>\r\n<p class=\"MsoNormal\">Adriana Batista da Silva</p>\r\n</td>\r\n<td>\r\n<p class=\"MsoNormal\">Renan Augusto de Carvalho</p>\r\n</td>\r\n<td>\r\n<p class=\"MsoNormal\">\u00a0</p>\r\n</td>\r\n</tr>\r\n<tr>\r\n<td>\r\n<p class=\"MsoNormal\">2-</p>\r\n</td>\r\n<td>\r\n<p class=\"MsoNormal\">Adriana Perianez Ruiz</p>\r\n</td>\r\n<td>\r\n<p class=\"MsoNormal\">Pedro Geraldo</p>\r\n</td>\r\n<td>\r\n<p class=\"MsoNormal\">\u00a0</p>\r\n</td>\r\n</tr>\r\n<tr>\r\n<td>\r\n<p class=\"MsoNormal\">3-</p>\r\n</td>\r\n<td>\r\n<p class=\"MsoNormal\">Professor Clayton Divino Boch</p>\r\n</td>\r\n<td>\r\n<p class=\"MsoNormal\">Am\u00e9rico Pereira Dias Filho</p>\r\n</td>\r\n<td>\r\n<p class=\"MsoNormal\">\u00a0</p>\r\n</td>\r\n</tr>\r\n<tr>\r\n<td>\r\n<p class=\"MsoNormal\">4-</p>\r\n</td>\r\n<td>\r\n<p class=\"MsoNormal\">Elis\u00e2ngela Maziero</p>\r\n</td>\r\n<td>\r\n<p class=\"MsoNormal\">Dr. Luiz Nicanor Bettiol Junior</p>\r\n</td>\r\n<td>\r\n<p class=\"MsoNormal\">\u00a0</p>\r\n</td>\r\n</tr>\r\n<tr>\r\n<td>\r\n<p class=\"MsoNormal\">5-</p>\r\n</td>\r\n<td>\r\n<p class=\"MsoNormal\">Guilherme Gomes</p>\r\n</td>\r\n<td>\r\n<p class=\"MsoNormal\">Renato Macedo Zeferino</p>\r\n</td>\r\n<td>\r\n<p class=\"MsoNormal\">\u00a0</p>\r\n</td>\r\n</tr>\r\n<tr>\r\n<td>\r\n<p class=\"MsoNormal\">6-</p>\r\n</td>\r\n<td>\r\n<p class=\"MsoNormal\">Jos\u00e9 Antonio Sousa - Z\u00e9 da Cobra\u00a0 \u00a0 \u00a0</p>\r\n</td>\r\n<td>\r\n<p class=\"MsoNormal\">Elvis Rafael Santos Jesuino</p>\r\n</td>\r\n<td>\r\n<p class=\"MsoNormal\">\u00a0</p>\r\n</td>\r\n</tr>\r\n<tr>\r\n<td>\r\n<p class=\"MsoNormal\">7-</p>\r\n</td>\r\n<td>\r\n<p class=\"MsoNormal\">Jos\u00e9 Roberto Pereira - Bob</p>\r\n</td>\r\n<td>\r\n<p class=\"MsoNormal\">Jo\u00e3o Octaviano Rebou\u00e7as</p>\r\n</td>\r\n<td>\r\n<p class=\"MsoNormal\">\u00a0</p>\r\n</td>\r\n</tr>\r\n<tr>\r\n<td>\r\n<p class=\"MsoNormal\">8-</p>\r\n</td>\r\n<td>\r\n<p class=\"MsoNormal\">Luis Fernando dos Santos - Tidi Thai\u00a0 \u00a0 \u00a0 \u00a0</p>\r\n</td>\r\n<td>\r\n<p class=\"MsoNormal\">S\u00e9rgio Ricardo Lopes</p>\r\n</td>\r\n<td>\r\n<p class=\"MsoNormal\">\u00a0</p>\r\n</td>\r\n</tr>\r\n<tr>\r\n<td>\r\n<p class=\"MsoNormal\">9-</p>\r\n</td>\r\n<td>\r\n<p class=\"MsoNormal\">Nilton C\u00e9sar Greghi - Professor Batata\u00a0 \u00a0 \u00a0 \u00a0 \u00a0</p>\r\n</td>\r\n<td>\r\n<p class=\"MsoNormal\">Gumercindo Dal Bello</p>\r\n</td>\r\n<td>\r\n<p class=\"MsoNormal\">\u00a0</p>\r\n</td>\r\n</tr>\r\n<tr>\r\n<td>\r\n<p class=\"MsoNormal\">10-</p>\r\n</td>\r\n<td>\r\n<p class=\"MsoNormal\">Paulo C\u00e9sar Rodrigues dos Santos - Do\u00e7\u00e3o\u00a0 \u00a0 \u00a0 \u00a0 \u00a0 \u00a0 \u00a0 \u00a0 \u00a0 \u00a0 \u00a0 \u00a0</p>\r\n</td>\r\n<td>\r\n<p class=\"MsoNormal\">Elivelton da Concei\u00e7\u00e3o</p>\r\n</td>\r\n<td>\r\n<p class=\"MsoNormal\">\u00a0</p>\r\n</td>\r\n</tr>\r\n<tr>\r\n<td>\r\n<p class=\"MsoNormal\">11-</p>\r\n</td>\r\n<td>\r\n<p class=\"MsoNormal\">Paulo Miquelin</p>\r\n</td>\r\n<td>\r\n<p class=\"MsoNormal\">Ismael Aparecido do Nascimento</p>\r\n</td>\r\n<td>\r\n<p class=\"MsoNormal\">\u00a0</p>\r\n</td>\r\n</tr>\r\n<tr>\r\n<td>\r\n<p class=\"MsoNormal\">12-</p>\r\n</td>\r\n<td>\r\n<p class=\"MsoNormal\">Priscila Gon\u00e7alves</p>\r\n</td>\r\n<td>\r\n<p class=\"MsoNormal\">Renata Cadurin Siqueira Sobrinho</p>\r\n</td>\r\n<td>\r\n<p class=\"MsoNormal\">\u00a0</p>\r\n</td>\r\n</tr>\r\n<tr>\r\n<td>\r\n<p class=\"MsoNormal\">13-</p>\r\n</td>\r\n<td>\r\n<p class=\"MsoNormal\">Roseli Batistuti</p>\r\n</td>\r\n<td>\r\n<p class=\"MsoNormal\">Dra. Iby Fanny Butikofer Duran</p>\r\n</td>\r\n<td>\r\n<p class=\"MsoNormal\">\u00a0</p>\r\n</td>\r\n</tr>\r\n<tr>\r\n<td>\r\n<p class=\"MsoNormal\">14-</p>\r\n</td>\r\n<td>\r\n<p class=\"MsoNormal\">Thiago Colpani</p>\r\n</td>\r\n<td>\r\n<p class=\"MsoNormal\">Daniel Baptista Prodocimo</p>\r\n</td>\r\n<td>\r\n<p class=\"MsoNormal\">\u00a0</p>\r\n</td>\r\n</tr>\r\n</tbody>\r\n</table>\r\n<p>\u00a0</p>", "author_name": "", "version": "1.0", "author_url": "https://www.mococa.sp.leg.br/author/rosanegrini", "provider_name": "C\u00e2mara Municipal de Mococa", "type": "rich"}