{"provider_url": "https://www.mococa.sp.leg.br", "title": "Evento: Maio vermelho", "html": "<p align=\"center\"><b>Campanha \u201cMaio Vermelho\u201d: M\u00eas da Preven\u00e7\u00e3o do C\u00e2ncer de Boca</b></p>\r\n<p style=\"text-align: justify; \">\u00a0\u00a0\u00a0\u00a0\u00a0\u00a0\u00a0\u00a0\u00a0\u00a0\u00a0\u00a0\u00a0\u00a0\u00a0\u00a0\u00a0\u00a0\u00a0\u00a0\u00a0\u00a0\u00a0\u00a0\u00a0\u00a0\u00a0 No <b>dia 12 de maio, \u00e0s 19:00 horas</b> a C\u00e2mara Municipal, por meio da Escola do Legislativo \"Dr. Tiago Ferraz de Siqueira\", ir\u00e1 promover importantes a\u00e7\u00f5es de conscientiza\u00e7\u00e3o relacionadas ao c\u00e2ncer de boca, e contando com a honrosa participa\u00e7\u00e3o do Excelent\u00edssimo Senhor Prefeito Municipal Eduardo Ribeiro Barison como palestrante, na qualidade de dentista. No evento ser\u00e3o tratados temas como: riscos, preven\u00e7\u00e3o, sintomas, tratamento e a import\u00e2ncia do diagn\u00f3stico precoce.</p>\r\n<p style=\"text-align: justify; \">\u00a0 \u00a0 \u00a0 \u00a0 \u00a0 \u00a0 \u00a0 \u00a0 \u00a0 \u00a0 \u00a0 \u00a0 \u00a0 \u00a0 \u00a0 \u00a0Esta campanha nasceu por iniciativa da Vereadora Elis\u00e2ngela Maziero, por meio da Resolu\u00e7\u00e3o n\u00ba 04, de 17 de junho de 2021, que instituiu na C\u00e2mara a campanha permanente \"Maio vermelho: m\u00eas de preven\u00e7\u00e3o e combate ao c\u00e2ncer bucal\".</p>\r\n<p style=\"text-align: justify; \">\u00a0\u00a0\u00a0\u00a0\u00a0\u00a0\u00a0\u00a0\u00a0\u00a0\u00a0\u00a0\u00a0\u00a0\u00a0\u00a0\u00a0\u00a0\u00a0\u00a0\u00a0\u00a0\u00a0\u00a0\u00a0\u00a0\u00a0 Segundo dados do Instituto Nacional do C\u00e2ncer esse tipo \u00e9 classificado como uma neoplasia maligna que afeta l\u00e1bios e estruturas internas, como gengivas, bochechas, c\u00e9u da boca e l\u00edngua. Cerca de 14.700 casos de c\u00e2ncer de boca est\u00e3o previstos em todo Brasil at\u00e9 o final deste ano. Evidentemente, trata-se de uma necessidade premente que esta Casa fomente esta Campanha em Mococa.</p>\r\n<p style=\"text-align: justify; \">\u00a0\u00a0\u00a0\u00a0\u00a0\u00a0\u00a0\u00a0\u00a0\u00a0\u00a0\u00a0\u00a0\u00a0\u00a0\u00a0\u00a0\u00a0\u00a0\u00a0\u00a0\u00a0\u00a0\u00a0\u00a0\u00a0\u00a0 Certamente, ser\u00e1 de grande proveito para toda a popula\u00e7\u00e3o de Mococa que nos dediquemos \u00e0s Campanhas de Conscientiza\u00e7\u00e3o da \u00e1rea da sa\u00fade, nas datas oportunas, pois que contribuem para a preven\u00e7\u00e3o e valoriza\u00e7\u00e3o de doen\u00e7as graves que podem ser curadas por meio do diagn\u00f3stico precoce, a exemplo do C\u00e2ncer de Boca.</p>", "author_name": "", "version": "1.0", "author_url": "https://www.mococa.sp.leg.br/author/rosanegrini", "provider_name": "C\u00e2mara Municipal de Mococa", "type": "rich"}