{"provider_url": "https://www.mococa.sp.leg.br", "title": "NOTA OFICIAL DA C\u00c2MARA MUNICIPAL DE MOCOCA", "html": "<p style=\"text-align: justify; \">Sobre o caso amplamente divulgado pelos meios de comunica\u00e7\u00e3o e m\u00eddias sociais de uma poss\u00edvel viol\u00eancia dom\u00e9stica envolvendo o prefeito Elias de Sisto, a C\u00e2mara Municipal e cada um dos vereadores e vereadoras defendem a apura\u00e7\u00e3o irrestrita de todos os fatos e atos praticados.</p>\r\n<p style=\"text-align: justify; \">S\u00e3o prematuras neste momento quaisquer manifesta\u00e7\u00f5es quanto ao m\u00e9rito e emiss\u00e3o de ju\u00edzo de valor, devendo ser observados as garantias legais e o entendimento defendido pelos Vereadores e Vereadoras de que todos est\u00e3o sob o mandamento da lei, independentemente de classe social, fun\u00e7\u00e3o ou cargo p\u00fablico que ocupe. Repudiamos qualquer ato de viol\u00eancia contra as mulheres.</p>\r\n<p style=\"text-align: justify; \">Estaremos atentos \u00e0s manifesta\u00e7\u00f5es oficiais das autoridades policiais e judici\u00e1rias, bem como dos envolvidos.</p>\r\n<p style=\"text-align: justify; \">Esperem desta Casa de Leis e de cada um dos vereadores e vereadoras a aten\u00e7\u00e3o e responsabilidade na condu\u00e7\u00e3o dos assuntos de interesse do povo mocoquense.</p>\r\n<p style=\"text-align: center; \"><b>\u00a0</b><b>Plen\u00e1rio Venerando Ribeiro da Silva, 15 de junho de 2020.</b></p>\r\n<p style=\"text-align: center; \"><b><br /></b>Aparecido Donizeti Teixeira</p>\r\n<p style=\"text-align: center; \">Francisco Carlos C\u00e2ndido</p>\r\n<p style=\"text-align: center; \">Eduardo Ribeiro Barison</p>\r\n<p style=\"text-align: center; \">Carlos Alberto Mendes</p>\r\n<p style=\"text-align: center; \">Josimar Alves Vieira</p>\r\n<p style=\"text-align: center; \">Elis\u00e2ngela Mazini Maziero Breganoli</p>\r\n<p style=\"text-align: center; \">Jos\u00e9 Roberto Pereira</p>\r\n<p style=\"text-align: center; \">Edimilson Manoel</p>\r\n<p style=\"text-align: center; \">S\u00f4nia Aparecida de Pauli Pereira</p>\r\n<p style=\"text-align: center; \">Agimar Alves</p>\r\n<p style=\"text-align: center; \">Brasilino Antonio de Moraes</p>", "author_name": "", "version": "1.0", "author_url": "https://www.mococa.sp.leg.br/author/rosanegrini", "provider_name": "C\u00e2mara Municipal de Mococa", "type": "rich"}