{"provider_url": "https://www.mococa.sp.leg.br", "title": "Pauta da Ordem do dia: 40\u00aa sess\u00e3o ordin\u00e1ria", "html": "<p style=\"text-align: justify; \"><span>A C\u00e2mara Municipal de Mococa divulga a pauta da ordem do dia e\u00a0os requerimentos\u00a0de urg\u00eancia especial e de sess\u00e3o extraordin\u00e1ria que entrar\u00e3o em pauta no Expediente, antes da Ordem do Dia. Se os requerimentos forem aprovados, os projetos de lei entrar\u00e3o na pauta da Ordem do Dia.</span></p>\r\n<p style=\"text-align: justify; \"><span>Hoje far\u00e1 uso da Tribuna Popular o representante da Fruit Tree Planting Foundation, organiza\u00e7\u00e3o ambiental ligada \u00e0 ONG mocoquense Olho D'\u00c1gua, que realiza plantio de \u00e1rvores frut\u00edferas e nativas em todo o mundo.</span></p>\r\n<p style=\"text-align: center; \"><strong>Pauta da Ordem do Dia \u2013 40\u00aa Sess\u00e3o Ordin\u00e1ria \u2013 29/11/2021</strong></p>\r\n<p style=\"text-align: center; \">\u00a0<b>\u00a0</b><b>Requerimentos de urg\u00eancia especial e de sess\u00e3o extraordin\u00e1ria para discuss\u00e3o dos projetos:</b></p>\r\n<p align=\"center\"><b>\u00a0</b><b>(Aten\u00e7\u00e3o! Para que os projetos sejam discutidos e deliberados na Ordem do Dia, \u00e9 necess\u00e1ria a assinatura de dez vereadores)</b></p>\r\n<p align=\"center\"><b>\u00a0</b><b>2 DISCUSS\u00d5ES \u2013 URG\u00caNCIA ESPECIAL</b></p>\r\n<p align=\"center\"><b>\u00a0</b><b>\u00a0</b></p>\r\n<ol>\r\n<li><a class=\"external-link\" href=\"https://sapl.mococa.sp.leg.br/media/sapl/public/materialegislativa/2021/16968/projeto_de_lei_127_2021.pdf\" target=\"_blank\" title=\"PL 127/2021\">PROJETO DE LEI N\u00ba 127/2021, de autoria do Prefeito Municipal Eduardo Ribeiro Barison \u2013 Disp\u00f5e sobre a abertura de cr\u00e9dito adicional extraordin\u00e1rio, e d\u00e1 outras provid\u00eancias.</a></li>\r\n<li><a class=\"external-link\" href=\"https://sapl.mococa.sp.leg.br/media/sapl/public/materialegislativa/2021/16969/projeto_de_lei_129_2021.pdf\" target=\"_blank\" title=\"PL 129/2021\">PROJETO DE LEI N\u00ba 129/2021, de autoria do Prefeito Municipal Eduardo Ribeiro Barison \u2013 Disp\u00f5e sobre a abertura de cr\u00e9dito adicional extraordin\u00e1rio, e d\u00e1 outras provid\u00eancias.</a></li>\r\n</ol>\r\n<p>\u00a0</p>\r\n<p align=\"center\"><b>DISCUSS\u00c3O \u00daNICA \u2013 URG\u00caNCIA ESPECIAL</b></p>\r\n<p align=\"center\" style=\"text-align: justify; \">\u00a03.\u00a0<span>PROJETO DE DECRETO LEGISLATIVO N\u00ba 032/2021, de autoria de todos os vereadores da C\u00e2mara Municipal de Mococa \u2013 Concede T\u00edtulo de Cidad\u00e3o Mocoquense ao Ministro Tarc\u00edsio Gomes de Freitas.</span></p>\r\n<p>\u00a0</p>\r\n<p align=\"center\"><b>DISCUSS\u00c3O \u00daNICA \u2013 TRAMITA\u00c7\u00c3O ORDIN\u00c1RIA</b></p>\r\n<p align=\"center\" style=\"text-align: justify; \"><a class=\"external-link\" href=\"https://sapl.mococa.sp.leg.br/media/sapl/public/materialegislativa/2021/15227/projeto_de_lei_015_2021.pdf\" target=\"_blank\" title=\"PL 015/2021\">\u00a04.\u00a0<span>PROJETO DE LEI N\u00ba 015/2021, de autoria de todos os vereadores da C\u00e2mara Municipal de Mococa \u2013 Denomina \u201cPrefeito Jacintho Pisani\u201d o pr\u00e9dio do Mercado Municipal de Mococa.</span></a></p>\r\n<p>\u00a0</p>\r\n<p style=\"text-align: justify; \"><span><br /></span></p>", "author_name": "", "version": "1.0", "author_url": "https://www.mococa.sp.leg.br/author/rosanegrini", "provider_name": "C\u00e2mara Municipal de Mococa", "type": "rich"}