{"provider_url": "https://www.mococa.sp.leg.br", "title": "Oficinas Interlegis na C\u00e2mara Municipal", "html": "<p style=\"text-align: justify; \">A C\u00e2mara Municipal de Mococa recebe, de 9 a 13 de mar\u00e7o, as Oficinas Interlegis de SAPL 3.1 e Portal Modelo. O SAPL 3.1 \u00e9 o Servi\u00e7o de Apoio ao Processo Legislativo, sistema online para tramita\u00e7\u00e3o de proposituras legislativas, como projetos de lei, requerimentos e indica\u00e7\u00f5es, <span>e at\u00e9 mesmo para documentos administrativos, como editais de licita\u00e7\u00e3o, balancetes de despesa e de receita, e tamb\u00e9m para o protocolo. O SAPL</span>\u00a0\u00e9 um servi\u00e7o gratuito oferecido pelo Senado Federal \u00e0s C\u00e2maras Municipais e Assembleias Legislativas.</p>\r\n<p style=\"text-align: justify; \">O Portal Modelo \u00e9 um site padronizado que o Interlegis oferece, gratuitamente, \u00e0s C\u00e2maras municipais, de alimenta\u00e7\u00e3o de dados f\u00e1cil e pr\u00e1tica. \u00c9 um jeito mais f\u00e1cil (e mais barato) de manter o site da C\u00e2mara no ar.</p>\r\n<p style=\"text-align: justify; \">Contamos com a participa\u00e7\u00e3o de servidores de diversas C\u00e2maras Municipais da regi\u00e3o: Serrana, Planura, S\u00e3o Jos\u00e9 do Rio Pardo, Paragua\u00e7u, Po\u00e7os de Caldas, Guaran\u00e9sia, Leme, al\u00e9m dos servidores da C\u00e2mara Municipal de Mococa.</p>\r\n<p style=\"text-align: justify; \"><img src=\"https://www.mococa.sp.leg.br/imagens/WhatsAppImage20200311at20.17.01.jpeg/@@images/79c28b14-866c-46f8-a789-75e7e47c9875.jpeg\" alt=\"\" class=\"image-inline\" title=\"\" /></p>\r\n<p style=\"text-align: justify; \"><img src=\"https://www.mococa.sp.leg.br/imagens/copy_of_WhatsAppImage20200311at20.17.08.jpeg/@@images/137e151e-dd51-41bb-9390-b23aaa095ccf.jpeg\" alt=\"\" class=\"image-inline\" title=\"\" /></p>\r\n<p style=\"text-align: justify; \"><img src=\"https://www.mococa.sp.leg.br/imagens/WhatsAppImage20200311at18.58.59.jpeg/@@images/0b4520e8-4446-4430-b575-4b9b14e54460.jpeg\" alt=\"\" class=\"image-inline\" title=\"\" /></p>\r\n<h3><a title=\"\" href=\"https://www.mococa.sp.leg.br/institucional/fotos/oficinas-interlegis-na-camara-municipal\" class=\"internal-link\" target=\"_self\">Mais fotos</a></h3>", "author_name": "Interlegis", "version": "1.0", "author_url": "https://www.mococa.sp.leg.br/author/Interlegis", "provider_name": "C\u00e2mara Municipal de Mococa", "type": "rich"}