{"provider_url": "https://www.mococa.sp.leg.br", "title": "C\u00e2mara promove quinzena da Mulher de 2024", "html": "<p style=\"text-align: justify; \">A C\u00e2mara Municipal de Mococa, por meio da Procuradoria Especial da Mulher e da Comiss\u00e3o dos Direitos da Mulher, da Crian\u00e7a e do Adolescente, promove, juntamente com a Secretaria Municipal de Cultura, Grupo de Dan\u00e7a do Teatro Municipal \"Pedro \u00c2ngelo Camin\", Grupo Arco-\u00cdris, Comiss\u00e3o dos Direitos das Mulheres da OAB/Mococa e Associa\u00e7\u00e3o Comercial e Industrial de Mococa ACIM, a Quinzena da Mulher de 2024.<br />A Quinzena da Mulher \u00e9 oriunda da Resolu\u00e7\u00e3o n\u00ba 3, de 9 de maio de 2023, que \u201cInstitui a quinzena da mulher no \u00e2mbito da C\u00e2mara Municipal de Mococa\u201d. A programa\u00e7\u00e3o inclui diversas atividades culturais e homenagens \u00e0s mulheres que se destacam em Mococa.</p>\r\n<p style=\"text-align: justify; \"><strong>PROGRAMA\u00c7\u00c3O</strong></p>\r\n<p style=\"text-align: justify; \">05/03 \u2013 17h \u2013 Plen\u00e1rio da C\u00e2mara Municipal - Homenagem \u00e0s guerreiras do cotidiano. Roda de conversa com Daniela Sipolini.</p>\r\n<p style=\"text-align: justify; \">06/03 \u2013 19h - Plen\u00e1rio da C\u00e2mara Municipal - Audi\u00eancia P\u00fablica para discutir os Direitos da Mulher em Mococa - Comiss\u00e3o dos Direitos da Mulher da C\u00e2mara Municipal e Comiss\u00e3o dos Direitos das Mulheres da OAB/Mococa.</p>\r\n<p style=\"text-align: justify; \">06/03 \u2013 19:30h \u2013 Teatro Municipal \"Pedro \u00c2ngelo Camin\"\u2013 Palestra com Aline Bak</p>\r\n<p style=\"text-align: justify; \">07/03 \u2013 19h \u2013 Plen\u00e1rio da C\u00e2mara Municipal \u2013 Apresenta\u00e7\u00e3o \u201cTodas as Mulheres\u201d do Grupo de Dan\u00e7a do Teatro Municipal \"Pedro \u00c2ngelo Camin\" e Exposi\u00e7\u00e3o \u201cCoisas de Mulheres\u201d do Grupo Arco-\u00cdris.</p>\r\n<p style=\"text-align: justify; \">08/03 \u2013 20h \u2013 Casa de Cultura \u201cRog\u00e9rio Cardoso\u201d - Abertura da Exposi\u00e7\u00e3o \u201cBordando Mococa\u201d, com Blue Jazz.</p>\r\n<p style=\"text-align: justify; \">10/03 \u2013 20h \u2013 Teatro Municipal \"Pedro \u00c2ngelo Camin\"\u2013 Espet\u00e1culo \u2013 Tiago Eyras.</p>\r\n<p style=\"text-align: justify; \">11/03 \u2013 20h - Plen\u00e1rio da C\u00e2mara Municipal - Sess\u00e3o Solene em comemora\u00e7\u00e3o ao Dia Internacional da Mulher.</p>\r\n<p style=\"text-align: justify; \">\u00a0</p>\r\n<p style=\"text-align: justify; \"><strong>Organiza\u00e7\u00e3o:</strong><br /><strong>\u2022 Procuradoria Especial da Mulher \u2013 vereadoras Adriana Batista e Roseli Batistuti</strong></p>\r\n<p style=\"text-align: justify; \"><strong>\u2022 Secretaria de Cultura \u2013 Cida Cilli \u2022 Grupo de Dan\u00e7a do Teatro Municipal \"Pedro \u00c2ngelo Camin\" \u2013 Prof.\u00aa Vera</strong></p>\r\n<p style=\"text-align: justify; \"><strong>\u2022 Grupo Arco-\u00cdris - Iduana \u2022 Comiss\u00e3o dos Direitos da Mulher da C\u00e2mara \u2013 vereadora Val Miranda</strong></p>\r\n<p style=\"text-align: justify; \"><strong>\u2022 Comiss\u00e3o dos Direitos das Mulheres da OAB/Mococa \u2013 Dra. Talita Caetano Ananias</strong></p>\r\n<p style=\"text-align: justify; \"><strong>\u2022 Associa\u00e7\u00e3o Comercial e Industrial de Mococa ACIM</strong></p>", "author_name": "janaina", "version": "1.0", "author_url": "https://www.mococa.sp.leg.br/author/janaina", "provider_name": "C\u00e2mara Municipal de Mococa", "type": "rich"}