{"provider_url": "https://www.mococa.sp.leg.br", "title": "Reuni\u00e3o da Comiss\u00e3o de Meio Ambiente e COMDEMA", "html": "<p style=\"text-align: justify; \">Os Vereadores Jos\u00e9 Roberto Pereira (Bob), Thiago Colpani e Lu\u00eds Fernandos dos Santos (Tidi Thai), membros da Comiss\u00e3o do Meio Ambiente, estiveram presentes em reuni\u00e3o no dia 12 de maio, quarta-feira, para discutir Projetos de lei que est\u00e3o em tramita\u00e7\u00e3o na C\u00e2mara Municipal sobre proibi\u00e7\u00e3o de queimadas, semana do meio ambiente, fogos de artif\u00edcios e o COMDEMA - Conselho Municipal do Meio Ambiente.</p>\r\n<p style=\"text-align: justify; \">Estiveram presentes a Vereadora Roseli Batistuti, Adriana Ruiz a Presidente da C\u00e2mara Vereadora Elisangela Maziero.\u00a0 A coordenadora do Meio Ambiente do Munic\u00edpio, Milena Mello, tamb\u00e9m participou junto com Nilton Ogawa (ONG Olho D'agua), Luiz Eduardo Quintella, Rodrigo Carvalho (DONC), Jos\u00e9 Carlos Madeira ( ACIM) e Luiz Bento (ACIM).</p>\r\n<p style=\"text-align: justify; \">\u00a0</p>\r\n<p style=\"text-align: justify; \"><img src=\"https://www.mococa.sp.leg.br/institucional/fotos/reuniao-cma-e-comdema/reuniao-4.jpeg\" alt=\"reuniao 4.jpeg\" class=\"image-inline\" title=\"reuniao 4.jpeg\" /><img src=\"https://www.mococa.sp.leg.br/institucional/fotos/reuniao-cma-e-comdema/reuniao-3.jpeg\" alt=\"reuniao 3.jpeg\" class=\"image-inline\" title=\"reuniao 3.jpeg\" /><img src=\"https://www.mococa.sp.leg.br/institucional/fotos/reuniao-cma-e-comdema/reuniao-2.jpeg\" alt=\"reuniao 2.jpeg\" class=\"image-inline\" title=\"reuniao 2.jpeg\" /></p>", "author_name": "", "version": "1.0", "author_url": "https://www.mococa.sp.leg.br/author/rosanegrini", "provider_name": "C\u00e2mara Municipal de Mococa", "type": "rich"}