{"provider_url": "https://www.mococa.sp.leg.br", "title": "Sess\u00e3o solene do Dia Internacional da Mulher", "html": "<p class=\" \" style=\"text-align: justify; \">Na \u00faltima segunda-feira, 6 de mar\u00e7o de 2023, a C\u00e2mara Municipal de Mococa promoveu a Sess\u00e3o Solene do Dia Internacional da Mulher. Cada vereador homenageou uma mulher de destaque na comunidade mocoquense, que compareceram com seus amigos e familiares.</p>\r\n<p class=\" \" style=\"text-align: justify; \">Cada uma recebeu o Diploma de Honra ao M\u00e9rito e uma flor, simbolizando o reconhecimento de seu trabalho na sociedade mocoquense.</p>\r\n<p class=\" \" style=\"text-align: justify; \">Houve a exposi\u00e7\u00e3o de um breve v\u00eddeo sobre cada uma das homenageadas, al\u00e9m da apresenta\u00e7\u00e3o de um breve hist\u00f3rico. A sess\u00e3o solene contou com a apresenta\u00e7\u00e3o de tr\u00eas m\u00fasicas bel\u00edssimas performadas pelo Coral de Mulheres de par\u00f3quias de Mococa: Silvana, Silmara, Jaque e L\u00edgia. O cerimonial foi comandado por Teresa Cristina.</p>\r\n<p class=\" \" style=\"text-align: justify; \">O evento foi transmitido ao vivo pelo facebook e youtube oficiais da C\u00e2mara Municipal de Mococa.</p>\r\n<p class=\" \" style=\"text-align: justify; \">Veja abaixo a lista de vereadores e suas homenageadas.</p>\r\n<p class=\" \">\u00a0</p>\r\n<table align=\"left\">\r\n<tbody>\r\n<tr>\r\n<td>\r\n<p><strong>Vereadores</strong></p>\r\n</td>\r\n<td>\r\n<p><strong>Homenageadas\u00a0</strong></p>\r\n</td>\r\n</tr>\r\n<tr>\r\n<td>\r\n<p>Adriana Batista da Silva</p>\r\n</td>\r\n<td>\r\n<p>Ana Helena Paiva Santos Silva</p>\r\n</td>\r\n</tr>\r\n<tr>\r\n<td>\r\n<p>Adriana Perianez Ruiz</p>\r\n</td>\r\n<td>\r\n<p>Eliana Martins Lima Belutti</p>\r\n</td>\r\n</tr>\r\n<tr>\r\n<td>\r\n<p>Brasilino Antonio De Moraes</p>\r\n</td>\r\n<td>\r\n<p>Maria Helena Fonseca Martins</p>\r\n</td>\r\n</tr>\r\n<tr>\r\n<td>\r\n<p>Clayton Divino Boch</p>\r\n</td>\r\n<td>\r\n<p>Marta Castelli</p>\r\n</td>\r\n</tr>\r\n<tr>\r\n<td>\r\n<p>Elis\u00e2ngela Mazini Maziero Breganoli</p>\r\n</td>\r\n<td>\r\n<p>Dra. Edith Luiza Fonseca Carneiro Furtado</p>\r\n</td>\r\n</tr>\r\n<tr>\r\n<td>\r\n<p>Guilherme De Souza Gomes</p>\r\n</td>\r\n<td>\r\n<p>Francisca Bernadete Toledo Ramalho</p>\r\n</td>\r\n</tr>\r\n<tr>\r\n<td>\r\n<p>Jos\u00e9 Antonio Sousa</p>\r\n</td>\r\n<td>\r\n<p>Janaina Aparecida Passos Jesuino</p>\r\n</td>\r\n</tr>\r\n<tr>\r\n<td>\r\n<p>Jos\u00e9 Roberto Pereira</p>\r\n</td>\r\n<td>\r\n<p>Aparecida Benedito da Costa Silva</p>\r\n</td>\r\n</tr>\r\n<tr>\r\n<td>\r\n<p>Nilton C\u00e9sar Greghi</p>\r\n</td>\r\n<td>\r\n<p>Fabiana Aparecida Veronez Oleto</p>\r\n</td>\r\n</tr>\r\n<tr>\r\n<td>\r\n<p>Paulo C\u00e9sar Rodrigues Dos Santos</p>\r\n</td>\r\n<td>\r\n<p>Cimeia Alves Ramos Silva</p>\r\n</td>\r\n</tr>\r\n<tr>\r\n<td>\r\n<p>Paulo S\u00e9rgio Miquelin</p>\r\n</td>\r\n<td>\r\n<p>Teresinha do Carmo Ferreira Barreto</p>\r\n</td>\r\n</tr>\r\n<tr>\r\n<td>\r\n<p>Priscila Gon\u00e7alves</p>\r\n</td>\r\n<td>\r\n<p>Maria Helena Costal Ferraz de Siqueira</p>\r\n</td>\r\n</tr>\r\n<tr>\r\n<td>\r\n<p>Roseli Aparecida Faustino Batistuti</p>\r\n</td>\r\n<td>\r\n<p>Cynthia Trepodoro</p>\r\n</td>\r\n</tr>\r\n<tr>\r\n<td>\r\n<p>Thiago Jos\u00e9 Colpani</p>\r\n</td>\r\n<td>\r\n<p>C\u00e9lia Dami\u00e3o</p>\r\n</td>\r\n</tr>\r\n<tr>\r\n<td>\r\n<p>Valdirene Donizeti Miranda Da Silva</p>\r\n</td>\r\n<td>\r\n<p>Dra. Maria Eliza Jacob de Souza</p>\r\n</td>\r\n</tr>\r\n</tbody>\r\n</table>", "author_name": "", "version": "1.0", "author_url": "https://www.mococa.sp.leg.br/author/rosanegrini", "provider_name": "C\u00e2mara Municipal de Mococa", "type": "rich"}