{"provider_url": "https://www.mococa.sp.leg.br", "title": "Termo de Ades\u00e3o \u00e0 Frente Parlamentar ", "html": "<p>Para os interessados em fazer parte da Frente Parlamentar em Defesa dos Direitos da Pessoa com Defici\u00eancia e Doen\u00e7as Raras, nos termos da <a class=\"external-link\" href=\"https://sapl.mococa.sp.leg.br/media/sapl/public/normajuridica/2021/10869/resolucao_02_2021.pdf\" target=\"_blank\" title=\"Resolu\u00e7\u00e3o n\u00ba 02/2021\">Resolu\u00e7\u00e3o n\u00ba 02, de 17 de junho de 2021</a>, de autoria dos Vereadores Thiago Jos\u00e9 Colpani e Paulo C\u00e9sar Rodrigues do Santos (Do\u00e7\u00e3o), a C\u00e2mara Municipal de Mococa disponibiliza formul\u00e1rio online para preenchimento. Podem fazer parte cidad\u00e3os e vereadores de Mococa.</p>\r\n<p>O formul\u00e1rio ficar\u00e1 dispon\u00edvel at\u00e9 03 de setembro de 2021, 18h15.</p>\r\n<p>Clique sobre a Resolu\u00e7\u00e3o para ter acesso ao arquivo.</p>\r\n<p>\u00a0</p>\r\n<p>\u00a0</p>\r\n<p><iframe src=\"https://forms.office.com/Pages/ResponsePage.aspx?id=rumexkm6p06HYHdXtfS0VU9YfoqkSBlAp0Rw9hlEbO5UNUVCRkNHWERHWlVSRE1TTDMzQkpTVDhCNS4u&amp;embed=true\" width=\"640\" height=\"480\" allowfullscreen=\"\" webkitallowfullscreen=\"\" mozallowfullscreen=\"\" frameborder=\"0\" style=\"\"></iframe></p>", "author_name": "", "version": "1.0", "author_url": "https://www.mococa.sp.leg.br/author/rosanegrini", "provider_name": "C\u00e2mara Municipal de Mococa", "type": "rich"}