{"provider_url": "https://www.mococa.sp.leg.br", "title": "Uso de m\u00e1scaras obrigat\u00f3rio na C\u00e2mara", "html": "<p style=\"text-align: justify; \">A partir de 30 de abril de 2020, quinta-feira, conforme Ato da Presid\u00eancia n\u00ba 363, o uso de m\u00e1scaras passa a ser obrigat\u00f3rio para todos que entrarem no pr\u00e9dio da C\u00e2mara Municipal de Mococa.\u00a0</p>\r\n<p style=\"text-align: justify; \">A C\u00e2mara disponibilizar\u00e1 m\u00e1scaras para quem n\u00e3o estiver usando e precisar entrar nas depend\u00eancias da C\u00e2mara Municipal.</p>", "author_name": "", "version": "1.0", "author_url": "https://www.mococa.sp.leg.br/author/rosanegrini", "provider_name": "C\u00e2mara Municipal de Mococa", "type": "rich"}