{"provider_url": "https://www.mococa.sp.leg.br", "version": "1.0", "author_url": "https://www.mococa.sp.leg.br/author/naiara", "title": "Boa tarde eu gostaria de saber saber se voc\u00eas poderiam me ajudar a arrumar um caminh\u00e3o de frente pra eu poder voltar pra minha terra que \u00e9 Recife Pernambuco pois estou vi\u00fava e n\u00e3o tenho condi\u00e7\u00f5es financeiras de pagar um frete vivo de aluguel e tenho um filho que \u00e9 autista e n\u00e3o tenho parentes nenhum que possa me ajudar por favor me ajude eu agrade\u00e7o muito eu preciso voltar o m\u00eas que vem. Faz 9 meses que estou vi\u00fava e n\u00e3o tenho ningu\u00e9m que possa me ajudar. Meu n\u00famero \u00e9 (19)971275540", "provider_name": "C\u00e2mara Municipal de Mococa", "type": "link", "author_name": ""}